{"id":4890,"date":"2024-05-28T12:37:18","date_gmt":"2024-05-28T10:37:18","guid":{"rendered":"http:\/\/www.liederkranz-murrhardt.de\/?p=4890"},"modified":"2024-07-12T11:45:40","modified_gmt":"2024-07-12T09:45:40","slug":"sommerkonzert-swing-gospel-agnus-dei","status":"publish","type":"post","link":"http:\/\/www.liederkranz-murrhardt.de\/?p=4890","title":{"rendered":"Sommerkonzert Swing, Gospel, Agnus Dei"},"content":{"rendered":"<p><strong><img decoding=\"async\" class=\"alignnone wp-image-4965\" src=\"http:\/\/www.liederkranz-murrhardt.de\/wp-content\/uploads\/2024\/06\/00-Sommerkonzert-Plakat-212x300.jpg\" alt=\"\" width=\"151\" height=\"214\" srcset=\"http:\/\/www.liederkranz-murrhardt.de\/wp-content\/uploads\/2024\/06\/00-Sommerkonzert-Plakat-212x300.jpg 212w, http:\/\/www.liederkranz-murrhardt.de\/wp-content\/uploads\/2024\/06\/00-Sommerkonzert-Plakat-724x1024.jpg 724w, http:\/\/www.liederkranz-murrhardt.de\/wp-content\/uploads\/2024\/06\/00-Sommerkonzert-Plakat-768x1086.jpg 768w, http:\/\/www.liederkranz-murrhardt.de\/wp-content\/uploads\/2024\/06\/00-Sommerkonzert-Plakat-1086x1536.jpg 1086w, http:\/\/www.liederkranz-murrhardt.de\/wp-content\/uploads\/2024\/06\/00-Sommerkonzert-Plakat-1448x2048.jpg 1448w, http:\/\/www.liederkranz-murrhardt.de\/wp-content\/uploads\/2024\/06\/00-Sommerkonzert-Plakat-scaled.jpg 1810w\" sizes=\"(max-width: 151px) 100vw, 151px\" \/><\/strong><\/p>\n<p><strong>Swing &#8211; Gospel &#8211; Agnus Dei<br \/>\n<\/strong>Unser Sommerkonzert fand gleich zweimal statt: Am 30.06.2024 war die Premiere in der&nbsp; Kath. Kirche, St. Maria. Unser Sommerkonzert war ein Projekt mit dem Chor Marcanto aus Grab. Gemeinsam haben wir Werke von Puccini, Gershwin und Gr\u00f6ssler pr\u00e4sentiert. Vielen Dank f\u00fcr die zahlreichen so positiven, ja begeisterten R\u00fcckmeldungen. Es war auch f\u00fcr uns S\u00e4nger:innen ein tolles Erlebnis. Die gute Stimmung zeigte sich dann auch beim anschlie\u00dfenden gem\u00fctlichen Beisammensein im Gemeindezentrum. Vielen Dank auch an alle, die uns eine Spende zukommen lie\u00dfen.<br \/>\nDas zweite Konzert fand am 06.07.2024 in der Evang. Kirche in Grab statt &#8211; auch dies ein wunderbares Erlebnis.<br \/>\n<a href=\"http:\/\/www.liederkranz-murrhardt.de\/wp-content\/uploads\/2024\/07\/20240702-Bericht-MZ.pdf\" target=\"_blank\" rel=\"noopener\">&gt;&gt;&gt;&gt; Hier der Bericht aus der Murrhardter Zeitung &#8211;<\/a> gerne zum Weiterleiten an Musikinteressierte, Verwandte, Freunde und Bekannte.<\/p>\n","protected":false},"excerpt":{"rendered":"<p>Swing &#8211; Gospel &#8211; Agnus Dei Unser Sommerkonzert fand gleich zweimal statt: Am 30.06.2024 war die Premiere in der&nbsp; Kath. Kirche, St. Maria. Unser Sommerkonzert war ein Projekt mit dem Chor Marcanto aus Grab. Gemeinsam haben wir Werke von Puccini, Gershwin und Gr\u00f6ssler pr\u00e4sentiert. Vielen Dank f\u00fcr die zahlreichen so positiven, ja begeisterten R\u00fcckmeldungen. Es &hellip; <\/p>\n<p class=\"link-more\"><a href=\"http:\/\/www.liederkranz-murrhardt.de\/?p=4890\" class=\"more-link\"><span class=\"screen-reader-text\">\u201eSommerkonzert Swing, Gospel, Agnus Dei\u201c <\/span>weiterlesen<\/a><\/p>\n","protected":false},"author":7,"featured_media":0,"comment_status":"closed","ping_status":"closed","sticky":false,"template":"","format":"standard","meta":{"ngg_post_thumbnail":0,"footnotes":""},"categories":[1,13,5],"tags":[37],"class_list":["post-4890","post","type-post","status-publish","format-standard","hentry","category-allgemein","category-jahresprogramm","category-presse","tag-pressebericht-konzert"],"_links":{"self":[{"href":"http:\/\/www.liederkranz-murrhardt.de\/index.php?rest_route=\/wp\/v2\/posts\/4890","targetHints":{"allow":["GET"]}}],"collection":[{"href":"http:\/\/www.liederkranz-murrhardt.de\/index.php?rest_route=\/wp\/v2\/posts"}],"about":[{"href":"http:\/\/www.liederkranz-murrhardt.de\/index.php?rest_route=\/wp\/v2\/types\/post"}],"author":[{"embeddable":true,"href":"http:\/\/www.liederkranz-murrhardt.de\/index.php?rest_route=\/wp\/v2\/users\/7"}],"replies":[{"embeddable":true,"href":"http:\/\/www.liederkranz-murrhardt.de\/index.php?rest_route=%2Fwp%2Fv2%2Fcomments&post=4890"}],"version-history":[{"count":13,"href":"http:\/\/www.liederkranz-murrhardt.de\/index.php?rest_route=\/wp\/v2\/posts\/4890\/revisions"}],"predecessor-version":[{"id":4973,"href":"http:\/\/www.liederkranz-murrhardt.de\/index.php?rest_route=\/wp\/v2\/posts\/4890\/revisions\/4973"}],"wp:attachment":[{"href":"http:\/\/www.liederkranz-murrhardt.de\/index.php?rest_route=%2Fwp%2Fv2%2Fmedia&parent=4890"}],"wp:term":[{"taxonomy":"category","embeddable":true,"href":"http:\/\/www.liederkranz-murrhardt.de\/index.php?rest_route=%2Fwp%2Fv2%2Fcategories&post=4890"},{"taxonomy":"post_tag","embeddable":true,"href":"http:\/\/www.liederkranz-murrhardt.de\/index.php?rest_route=%2Fwp%2Fv2%2Ftags&post=4890"}],"curies":[{"name":"wp","href":"https:\/\/api.w.org\/{rel}","templated":true}]}}