{"id":4810,"date":"2023-07-21T17:11:25","date_gmt":"2023-07-21T15:11:25","guid":{"rendered":"http:\/\/www.liederkranz-murrhardt.de\/?p=4810"},"modified":"2023-07-21T17:12:25","modified_gmt":"2023-07-21T15:12:25","slug":"der-murrhardter-liederkranz-will-sich-neu-aufstellen","status":"publish","type":"post","link":"http:\/\/www.liederkranz-murrhardt.de\/?p=4810","title":{"rendered":"Der Murrhardter Liederkranz will sich neu aufstellen"},"content":{"rendered":"<p><strong>Von urspr\u00fcnglich acht Ch\u00f6ren vor der Coronapandemie gibt es momentan noch zwei, Da Capo und den Kinderchor Choriccolos.<\/strong><br \/>\n<strong>F\u00fcr die Zukunft gilt es, das Niveau zusteigern und st\u00e4rker \u00f6ffentlich pr\u00e4sent zu sein, fordert der Vorstand bei der Mitgliederversammlung.<\/strong><\/p>\n<p>VON ELISABETH KLAPER<\/p>\n<p><!--more--><\/p>\n<p>MURRHARDT. Die \u201eSoiree am Feuersee\u201c war ein \u201egelungener Auftritt\u201c, der zeigte, \u201ewelche Potenziale wir haben\u201c, freute sich Vorsitzender Ralf Wallau. Aber: \u201eWir haben viel zu tun und gro\u00dfe Herausforderungen<br \/>\nzumeistern\u201c, betonte er bei der Mitgliederversammlung des Murrhardter Liederkranzes im Reinhold-N\u00e4gele-Saal der Walterichschule. Vor der Coronapandemie umfasste der \u00e4lteste Verein der Walterichstadt acht<br \/>\nCh\u00f6re mit rund 80 S\u00e4ngerinnen und S\u00e4ngern, jetzt sind es noch rund 25 Erwachsene im Chor Da Capo und rund 20 M\u00e4dchen und<br \/>\nJungen im Kinderchor Choriccolos.<br \/>\nDamit der Verein in Zukunft weiter besteht, \u201ebrauchen wir Nachhaltigkeit, ausreichend S\u00e4nger und S\u00e4ngerinnen, eine Vision und Strategie\u201c, auch um die aktuell bestehende L\u00fccke zwischen dem Kinderchor und Da Capo zu schlie\u00dfen. Darum bat Wallau die Mitglieder, in der Sommerpause im Familien-, Freundes- und Bekanntenkreis kr\u00e4ftig die Werbetrommel zu r\u00fchren. \u201eJede<br \/>\nund jeder kann singen.\u201c Weiter rief er sie dazu auf, Ideen und Vorschl\u00e4ge f\u00fcr das zuk\u00fcnftige Vereins- und Chorprofil zu sammeln, um festlegen zu k\u00f6nnen \u201ewo wir hin wollen, was uns wichtig ist\u201c.<br \/>\nDer Vorsitzende verdeutlichte: \u201eEin harter Schnitt ist erforderlich, wir m\u00fcssen anders auftreten, interessant bleiben, Zuh\u00f6rende begeistern. Wir haben etwa 20 St\u00fccke sicher vierstimmig drauf und m\u00fcssen so ein<br \/>\nProgramm wie bei der Soiree jederzeit spontan und aus dem Stegreif singen k\u00f6nnen.\u201c Dazu brauche der Liederkranz sichere S\u00e4ngerinnen und S\u00e4nger. \u201eRegelm\u00e4\u00dfige Stimmbildung w\u00fcrde uns guttun.\u201c Der Verein und die Aktiven m\u00fcssten st\u00e4rkere Pr\u00e4senz in der \u00d6ffentlichkeit zeigen, sprich \u00f6fter bei verschiedenen Veranstaltungen auftreten, auch um mehr Einnahmen zu erzielen, und insgesamt die Ausstrahlung und Au\u00dfenwirkung verbessern. Dazu soll die Internetseite ein frisches Design bekommen und mit sozialen Medien verbunden werden. Chorleiterin Angela Westh\u00e4u\u00dfer-Kowalski \u201efindet immer passende Lieder und Programme f\u00fcr jeden Anlass, sie wei\u00df genau, welche Potenziale wir haben und was wir k\u00f6nnen\u201c.<br \/>\nDeshalb forderte Wallau die Chormitglieder auf, der Chorleiterin stets respektvoll zu folgen und mit aller Konzentration zu singen, so gut es geht. Mehrere Mitglieder \u00e4u\u00dferten unterschiedliche Meinungen:<br \/>\nEinige wollen k\u00fcnftig vor allem neue, moderne Melodien einstudieren, andere altbekannte \u201eLieder, mit denen man viele Erinnerungen verbindet\u201c weiter im Repertoire behalten, zudem w\u00fcnschte jemand, mal<br \/>\nwieder deutsche Lieder zu singen, nicht nur englischsprachige.<br \/>\nAngela Westh\u00e4u\u00dfer-Kowalski zog eine positive Bilanz: \u201eWir sind sehr gut \u00fcber die Coronadurststrecke hinweggekommen.\u201c Bei der Soiree h\u00e4tten sowohl der Kinderchor Choriccolos als auch Da Capo \u201esehr gute Auftritte gezeigt mit Freude am Singen, niveauvollem Programm, Rhythmusgef\u00fchl und freien Bewegungen zur Musik\u201c, lobte die Chorleiterin. Nun gelte es, das Repertoire auszuweiten und das Niveau zu steigern.<\/p>\n<p>Rasch hakte die Versammlung die Regularien ab: Geschlossen entlastete sie das Vorstandsteam. Bei den Wahlen best\u00e4tigte sie die erste stellvertretende Vorsitzende und Jugendreferentin Elke B\u00fcrkle, ebenso die zweite stellvertretende Vorsitzende Jutta H\u00e4rtner in ihren \u00c4mtern. Neue Schriftf\u00fchrerin ist Susanne Witzel, sie l\u00f6st Michael Bunzel ab, der sich jahrelang auch als Notenwart stark f\u00fcr den Verein engagiert hat. Kassenpr\u00fcferin bleibt Gerda Zopp, sie ist nun neue Notenwartin, ebenso Jutta H\u00e4rtner. Vertreterin der F\u00f6rdermitglieder bleibt Inge Oppenl\u00e4nder, Vorsitzender Ralf Wallau und Kassier Johannes Bay l\u00f6sen Helmut Weisheit als Ger\u00e4tewart ab.<br \/>\nF\u00fcrs Jahresprogramm 2023\/2024 stehen noch nicht alle Termine fest. Geplant sind ein Weihnachtskonzerte in der Adventszeit 2023, ein Chorfreizeitprobenwochenende in Weikersheim Mitte M\u00e4rz 2024, das Fest am 1. Mai wieder in Kooperation mit der Narrenzunft Murreder Henderw\u00e4ldler sowie zwei gro\u00dfe Konzerte mit dem franz\u00f6sischen Partnerchor Chorale Interlude aus Ch\u00e2teau-Gontier-sur-Mayenn.<\/p>\n<p>Quelle: Murrhardter Zeitung&nbsp;<\/p>\n","protected":false},"excerpt":{"rendered":"<p>Von urspr\u00fcnglich acht Ch\u00f6ren vor der Coronapandemie gibt es momentan noch zwei, Da Capo und den Kinderchor Choriccolos. F\u00fcr die Zukunft gilt es, das Niveau zusteigern und st\u00e4rker \u00f6ffentlich pr\u00e4sent zu sein, fordert der Vorstand bei der Mitgliederversammlung. VON ELISABETH KLAPER<\/p>\n","protected":false},"author":5,"featured_media":0,"comment_status":"closed","ping_status":"closed","sticky":false,"template":"","format":"standard","meta":{"ngg_post_thumbnail":0,"footnotes":""},"categories":[1,5],"tags":[39],"class_list":["post-4810","post","type-post","status-publish","format-standard","hentry","category-allgemein","category-presse","tag-pressebericht-hauptversammlung"],"_links":{"self":[{"href":"http:\/\/www.liederkranz-murrhardt.de\/index.php?rest_route=\/wp\/v2\/posts\/4810","targetHints":{"allow":["GET"]}}],"collection":[{"href":"http:\/\/www.liederkranz-murrhardt.de\/index.php?rest_route=\/wp\/v2\/posts"}],"about":[{"href":"http:\/\/www.liederkranz-murrhardt.de\/index.php?rest_route=\/wp\/v2\/types\/post"}],"author":[{"embeddable":true,"href":"http:\/\/www.liederkranz-murrhardt.de\/index.php?rest_route=\/wp\/v2\/users\/5"}],"replies":[{"embeddable":true,"href":"http:\/\/www.liederkranz-murrhardt.de\/index.php?rest_route=%2Fwp%2Fv2%2Fcomments&post=4810"}],"version-history":[{"count":3,"href":"http:\/\/www.liederkranz-murrhardt.de\/index.php?rest_route=\/wp\/v2\/posts\/4810\/revisions"}],"predecessor-version":[{"id":4813,"href":"http:\/\/www.liederkranz-murrhardt.de\/index.php?rest_route=\/wp\/v2\/posts\/4810\/revisions\/4813"}],"wp:attachment":[{"href":"http:\/\/www.liederkranz-murrhardt.de\/index.php?rest_route=%2Fwp%2Fv2%2Fmedia&parent=4810"}],"wp:term":[{"taxonomy":"category","embeddable":true,"href":"http:\/\/www.liederkranz-murrhardt.de\/index.php?rest_route=%2Fwp%2Fv2%2Fcategories&post=4810"},{"taxonomy":"post_tag","embeddable":true,"href":"http:\/\/www.liederkranz-murrhardt.de\/index.php?rest_route=%2Fwp%2Fv2%2Ftags&post=4810"}],"curies":[{"name":"wp","href":"https:\/\/api.w.org\/{rel}","templated":true}]}}