{"id":3215,"date":"2017-03-18T11:34:10","date_gmt":"2017-03-18T10:34:10","guid":{"rendered":"http:\/\/www.liederkranz-murrhardt.de\/?p=3215"},"modified":"2018-06-15T13:47:59","modified_gmt":"2018-06-15T11:47:59","slug":"bernhard-mohr-ist-neuer-liederkranz-chef","status":"publish","type":"post","link":"http:\/\/www.liederkranz-murrhardt.de\/?p=3215","title":{"rendered":"Bernhard Mohr ist neuer Liederkranz-Chef"},"content":{"rendered":"<p>Murrhardter Zeitung vom 18.03.2017<\/p>\n<div class=\"view-content view-content-news\">\n<div class=\"content\">\n<p>Mitgliederversammlung verabschiedet Satzungs\u00e4nderung und w\u00e4hlt Vorstandsteam des Murrhardter Vereins<\/p>\n<p>Intensiv diskutierten Chors\u00e4nger und F\u00f6rdermitglieder des \u00e4ltesten Vereins der Walterichstadt auf der ordentlichen Mitgliederversammlung \u00fcber die vorgeschlagenen \u00c4nderungen der Satzung des Liederkranzes, um diese flexibler und moderner zu gestalten.<\/p>\n<div id=\"thumbcontainer\" class=\"media-display \">\n<div class=\"media-display-file\"><a href=\"http:\/\/www.murrhardter-zeitung.de\/imageView\/?n=1033833\"><img decoding=\"async\" class=\"imagecache imagecache-nachrichten_thumb_160\" title=\"Bernhard Mohr ist neuer Liederkranz-Chef\" src=\"http:\/\/www.murrhardter-zeitung.de\/sites\/default\/files\/imagecache\/nachrichten_thumb_160\/local_images\/310_0960_47738_.jpg\" alt=\" Das neue Vorstandsteam gemeinsam mit dem Geehrten Heinz Klumbach (Zweiter von links): Andrea Ehrhardt, Inge Oppenl\u00e4nder, Bernhard Mohr, Albert Reinalter, Martina Giesinger, Anke Mohr, Michael Bunzel sowie Gerda Zopp (von links). Foto: E. Klaper \" width=\"287\" height=\"88\"><\/a><\/div>\n<div class=\"media-display-file\">&nbsp;<\/div>\n<div>\n<!--more--><br \/>\n&nbsp;<\/div>\n<div class=\"media-display-caption\">Das neue Vorstandsteam gemeinsam mit dem Geehrten Heinz Klumbach (Zweiter von links): Andrea Ehrhardt, Inge Oppenl\u00e4nder, Bernhard Mohr, Albert Reinalter, Martina Giesinger, Anke Mohr, Michael Bunzel sowie Gerda Zopp (von links). Foto: E. Klaper<\/div>\n<div class=\"media-display-zoomer\"><a href=\"http:\/\/www.murrhardter-zeitung.de\/imageView\/?n=1033833\"> <img decoding=\"async\" src=\"http:\/\/www.murrhardter-zeitung.de\/sites\/all\/themes\/bkz_front\/\/images\/icons\/image_zoom.gif\" alt=\"Bild vergr\u00f6sern\"> <\/a><\/div>\n<\/div>\n<p><span class=\"IMTitle\">Von Elisabeth Klaper<\/span><\/p>\n<p>MURRHARDT. Zur Erinnerung: Die erste Versammlung im Januar war wegen Verst\u00f6\u00dfen gegen die Satzung irregul\u00e4r und nicht beschlussf\u00e4hig (wir berichteten), doch jetzt im zweiten Anlauf lief alles korrekt und regelkonform ab. Zentrales Thema war die \u00c4nderung der alten, seit 2006 g\u00fcltigen Version der Satzung. Da-Capo-Sprecherin Elke Binder pr\u00e4sentierte dazu den Entwurf mit einer Gegen\u00fcberstellung von altem und neuem Text. Die \u00c4nderungsvorschl\u00e4ge hatte ein Team unter Federf\u00fchrung des darin erfahrenen Ehrenmitglieds Bernd Sutor ausgearbeitet und jedem der 144 Liederkranz-Mitglieder schriftlich zugesandt.<\/p>\n<p>Ziel sei, eine zukunftsf\u00e4hige Vereinssatzung zu formulieren, die f\u00fcr l\u00e4ngere Zeit Bestand habe, erkl\u00e4rte stellvertretender Vorsitzender Bernhard Mohr, der die Versammlung leitete. Bei der Beratung kam jede vorgeschlagene \u00c4nderung auf den Pr\u00fcfstand und zur Abstimmung, sodass es viel Zeit in Anspruch nahm, die Paragrafen durchzuarbeiten. Hier die wichtigsten Neuerungen und Erg\u00e4nzungen im \u00dcberblick: Am umstrittensten war der Satz \u201eDer\/die Chorleiter\/-in ist Mitglied im Vorstand kraft Amtes\u201c, wozu viele unterschiedliche Meinungen zum Ausdruck kamen. Schlie\u00dflich lehnte eine knappe Mehrheit der Mitglieder diesen Vorschlag ab. Somit bleibt der Chorleiter wie bisher Mitglied des Vereinsausschusses. Zur Frage, ob der Vorstand oder Ausschuss f\u00fcr die Anstellung und Bezahlung des Chorleiters zust\u00e4ndig ist, stimmte die Versammlungsmehrheit einem Kompromiss zu: Der Ausschuss entscheidet \u00fcber die Anstellung, der Vorstand \u00fcber die Bezahlung.<\/p>\n<p>Unisono sprach die Versammlung sich daf\u00fcr aus, dass die \u00c4mter des ersten, zweiten und dritten Vorsitzenden geschlechtsneutral besetzt werden. Bisher war festgelegt, dass die Nummer zwei (erster Stellvertreter) ein Mann und die Nummer drei (zweiter Stellvertreter) eine Frau sein musste. Unumstritten war auch, die Zahl der Beisitzer zu reduzieren: K\u00fcnftig ist jede Chorformation mit je einem Beisitzer im Vereinsausschuss vertreten. Zudem enth\u00e4lt die Satzung nun die Aussage \u201eDer Verein betreibt Jugendarbeit\u201c, und die Formulierung \u201eDer Verein besteht aus aktiven Ch\u00f6ren\u201c ersetzt die Aufz\u00e4hlung der Ch\u00f6re.<\/p>\n<p>Bei den Wahlen konnten fast alle vakanten Vorstands\u00e4mter neu besetzt werden. Die klare Mehrheit der Versammlung stimmte f\u00fcr Bernhard Mohr als neuen Vorsitzenden. \u201eAllein pack ich\u2019s nicht, deshalb werde ich euch ins Boot holen, denn wir m\u00fcssen gemeinsam an einem Strang ziehen\u201c, stellte er klar. Zu Mohrs Stellvertreter w\u00e4hlten die Mitglieder Albert Reinalter, der ebenfalls f\u00fcr das h\u00f6chste Vereinsamt kandidiert hatte.<\/p>\n<p>Der 72-j\u00e4hrige Spiegelberger ist seit Dezember Liederkranz-Mitglied und verst\u00e4rkt den Tenor. Reinalter bringt langj\u00e4hrige Vorstandserfahrung mit als fr\u00fcherer Vorsitzender des Liederkranzes Spiegelberg sowie als S\u00e4nger in verschiedenen Ch\u00f6ren. Er \u00fcbergab zwei dicke Notenordner ans Chorleiter-Ehepaar Angela und Dietrich Westh\u00e4u\u00dfer-Kowalski.<\/p>\n<p>Unbesetzt blieb indes der Posten des dritten Vorsitzenden, da die bisherige Amtsinhaberin Angelika Wothke erkl\u00e4rte, sie werde nicht weitermachen, und niemand daf\u00fcr kandidierte. Neue Schriftf\u00fchrerin ist Anke Mohr, neue Beisitzerinnen und Chor-Vertreterinnen sind Andrea Ehrhardt und Martina Giesinger, Inge Oppenl\u00e4nder bleibt Vertreterin der F\u00f6rdermitglieder. Gerda Zopp l\u00f6st Doris R\u00f6ssle als Kassenpr\u00fcferin ab, und neuer Notenwart ist Neumitglied Michael Bunzel, den Jutta H\u00e4rtner unterst\u00fctzt.<\/p>\n<p>Au\u00dferdem nahm der neue Vorsitzende noch zwei Ehrungen vor: Er zeichnete Heinz Klumbach f\u00fcr 50 Jahr Chorsingen mit der goldenen Ehrennadel des Deutschen Chorverbands aus. Dazu w\u00fcrdigte Mohr Klumbachs au\u00dferordentliches ehrenamtliches Engagement f\u00fcr den Liederkranz: 36 Jahre lang arbeitete er im Vorstand, davon 18 als erster Vorsitzender, 8 als zweiter Vorsitzender und 10 Jahre als Schatzmeister. Weiter verlieh Mohr Bernd Sutor f\u00fcr 40 Jahre Chorsingen die silberne Ehrennadel des Schw\u00e4bischen Chorverbands.<\/p>\n<div id=\"banner_400_180\">&nbsp;<\/div>\n<\/div>\n<\/div>\n<p>&nbsp;<\/p>\n<p>&nbsp;<\/p>\n","protected":false},"excerpt":{"rendered":"<p>Murrhardter Zeitung vom 18.03.2017 Mitgliederversammlung verabschiedet Satzungs\u00e4nderung und w\u00e4hlt Vorstandsteam des Murrhardter Vereins Intensiv diskutierten Chors\u00e4nger und F\u00f6rdermitglieder des \u00e4ltesten Vereins der Walterichstadt auf der ordentlichen Mitgliederversammlung \u00fcber die vorgeschlagenen \u00c4nderungen der Satzung des Liederkranzes, um diese flexibler und moderner zu gestalten. &nbsp;<\/p>\n","protected":false},"author":4,"featured_media":0,"comment_status":"closed","ping_status":"closed","sticky":false,"template":"","format":"standard","meta":{"ngg_post_thumbnail":0,"footnotes":""},"categories":[5],"tags":[39],"class_list":["post-3215","post","type-post","status-publish","format-standard","hentry","category-presse","tag-pressebericht-hauptversammlung"],"_links":{"self":[{"href":"http:\/\/www.liederkranz-murrhardt.de\/index.php?rest_route=\/wp\/v2\/posts\/3215","targetHints":{"allow":["GET"]}}],"collection":[{"href":"http:\/\/www.liederkranz-murrhardt.de\/index.php?rest_route=\/wp\/v2\/posts"}],"about":[{"href":"http:\/\/www.liederkranz-murrhardt.de\/index.php?rest_route=\/wp\/v2\/types\/post"}],"author":[{"embeddable":true,"href":"http:\/\/www.liederkranz-murrhardt.de\/index.php?rest_route=\/wp\/v2\/users\/4"}],"replies":[{"embeddable":true,"href":"http:\/\/www.liederkranz-murrhardt.de\/index.php?rest_route=%2Fwp%2Fv2%2Fcomments&post=3215"}],"version-history":[{"count":3,"href":"http:\/\/www.liederkranz-murrhardt.de\/index.php?rest_route=\/wp\/v2\/posts\/3215\/revisions"}],"predecessor-version":[{"id":4242,"href":"http:\/\/www.liederkranz-murrhardt.de\/index.php?rest_route=\/wp\/v2\/posts\/3215\/revisions\/4242"}],"wp:attachment":[{"href":"http:\/\/www.liederkranz-murrhardt.de\/index.php?rest_route=%2Fwp%2Fv2%2Fmedia&parent=3215"}],"wp:term":[{"taxonomy":"category","embeddable":true,"href":"http:\/\/www.liederkranz-murrhardt.de\/index.php?rest_route=%2Fwp%2Fv2%2Fcategories&post=3215"},{"taxonomy":"post_tag","embeddable":true,"href":"http:\/\/www.liederkranz-murrhardt.de\/index.php?rest_route=%2Fwp%2Fv2%2Ftags&post=3215"}],"curies":[{"name":"wp","href":"https:\/\/api.w.org\/{rel}","templated":true}]}}