{"id":168,"date":"2011-06-01T18:21:39","date_gmt":"2011-06-01T16:21:39","guid":{"rendered":"http:\/\/www.liederkranz-murrhardt.de\/?p=168"},"modified":"2011-06-02T09:31:44","modified_gmt":"2011-06-02T07:31:44","slug":"adventssingen","status":"publish","type":"post","link":"http:\/\/www.liederkranz-murrhardt.de\/?p=168","title":{"rendered":"Adventssingen"},"content":{"rendered":"<p>am 06.12.03 im Rahmen des Murrhardter Weihnachtsmarktes in der Stadtkirche Murrhardt<\/p>\n<p>Erster Auftritt des Kinder- und Jugendchores<\/p>\n<p>Beim Weihnachtskonzert des Liederkranzes erklangen traditionelle und moderne<br \/>\nWeihnachtslieder aus aller Welt<\/p>\n<p>Murrhardt (eke) &#8220; Mit traditionellen und modernen Advents- und<br \/>\nWeihnachtslieder aus aller Welt, die mal mehr fr\u00f6hlich, mal eher besinnlich<br \/>\nklangen, stimmten die Ch\u00f6re des Liederkranzes beim Weihnachtskonzert in der<br \/>\nStadtkirche im Rahmen des Weihnachtsmarktes an Stelle des offenen<br \/>\nAdventsliedersingens auf das herannahende Weihnachtsfest ein.<br \/>\nErstmals wirkte dabei auch das &#8222;j\u00fcngste Kind&#8220;; des Liederkranzes, der neue,<br \/>\nnoch kleine Kinder- und Jugendchor mit: Die jungen S\u00e4nger absolvierten ihre<br \/>\n&#8222;Premiere&#8220; bravour\u00f6s und erwiesen sich als echte Bereicherung der &#8222;Gro\u00dfen&#8220;.<br \/>\nDer Liederkranz-Vorsitzende Heinz Klumbach begr\u00fc\u00dfte die vielen Zuh\u00f6rer mit<br \/>\ndem den Zeitgeist genau treffenden Gedicht &#8222;Weihnachten 2003&#8220; von Hans<br \/>\nWinkler. Es fordert die Menschen auf: &#8222;Legt ab die Hast, besinnt Euch<br \/>\nwieder, was dieses Fest im Ursprung war: Es strahlte einst ein Stern<br \/>\nhernieder, er leuchtet seitdem immerdar &#8230; Vergessen wir die Botschaft<br \/>\nnicht vor lauter Jagd nach den Geschenken in Unrast und Gesch\u00e4ftigkeit&#8230;<br \/>\nGedenket jener hier auf Erden, die auf der Schattenseite sind &#8230; Lasst<br \/>\ndieses Fest vor allen Dingen ein Fest euch der Besinnung sein, und Frieden<br \/>\nin die Herzen bringen, und mit ihm Kraft, um zu verzeih\u00b4n<br \/>\nAlle Ch\u00f6re des Liederkranzes wurden von Angela Westh\u00e4u\u00dfer-Kowalski geleitet<br \/>\nund von Dietrich Westh\u00e4u\u00dfer-Kowalski abwechselnd am Klavier und am<br \/>\nOrgelpositiv begleitet. Zum Auftakt sangen alle Ch\u00f6re gemeinsam die Kanons<br \/>\n&#8222;Ubi sunt gaudia&#8220; und &#8222;Dona nobis pacem&#8220; und entfalteten dabei einen<br \/>\nharmonischen, volumin\u00f6sen Klang. Dann brachte der Gemischte Chor \u00fcberzeugend<br \/>\ndie altbekannten, traditionsreichen Weisen &#8222;Es ist ein Ros&#8216; entsprungen<br \/>\n(Praetorius), &#8222;Tochter Zion, freue dich&#8220; (H\u00e4ndel) und &#8222;Adeste fideles &#8211;<br \/>\nHerbei, o ihr Gl\u00e4ubigen&#8220; zu Geh\u00f6r. Kraftvoll und harmonisch erklangen die<br \/>\nStimmen des M\u00e4nnerchores bei &#8222;Heil&#8217;ge Nacht&#8220;(Beethoven) und &#8222;Heil&#8217;ge Zeit&#8220;<br \/>\n(B\u00fchler). Glockenhell wirkte der Gesang des Frauenchores beim alten<br \/>\nwesteurop\u00e4ischen Weihnachtslied &#8222;Haben Engel wir vernommen &#8211; Gloria in<br \/>\nexcelsis deo&#8220;.<br \/>\nMit der neueren Melodie &#8222;;Wieder naht der heil&#8217;ge Stern&#8220;; (Maierhofer) und dem<br \/>\nstimmungsvoll melodischen &#8222;Horch wie hell die Glocken klingen&#8220;(Mendelssohn)<br \/>\nleitete der Gemischte Chor \u00fcber zum &#8222;modernen Teil&#8220;. Dabei erfreuten die<br \/>\nS\u00e4ngerinnen und S\u00e4nger von Da Capo mit den fr\u00f6hlich swingenden<br \/>\nGospel-Traditionals &#8222;Good News&#8220;und &#8222;I Sing Holy&#8220;. Und dann kam der gro\u00dfe<br \/>\nAuftritt des Kinder- und Jugendchors: Gemeinsam mit den &#8222;2Gro\u00dfen&#8220; von Da Capo<br \/>\nsangen die &#8222;Kleinen&#8220;mit vollem Engagement und gro\u00dfer Freude die fr\u00f6hlichen<br \/>\nLieder &#8222;Zumba, Zumba&#8220;(Spanien\/Portugal), &#8222;Vorlanger Zeit in Bethlehem&#8220;<br \/>\n(Bahamas) und &#8222;Let&#8217;s Sing a Song of Christmas&#8220;(Maierhofer) und<br \/>\nbegeisterten das Publikum mit sch\u00f6nen Stimmen und guter Intonation.<br \/>\ngZuh\u00f6rer in vorweihnachtliche<br \/>\nStimmung versetzt<br \/>\nZum kr\u00f6nenden Abschluss des Weihnachtskonzerts sangen nochmals alle Ch\u00f6re<br \/>\ngemeinsam. Besonders beeindruckend und inbr\u00fcnstig erklang die alte russische<br \/>\nWeise &#8222;Tebje pajom &#8211; O Herr, gib Frieden&#8220;. Und mit dem fr\u00f6hlich und<br \/>\nschwungvoll vorgetragenen, bekannten Lied &#8222;Fr\u00f6hliche Weihnacht \u00fcberall&#8220; mit<br \/>\nleicht ver\u00e4nderter Melodie im Mittelteil wurden die Zuh\u00f6rer in<br \/>\nerwartungsfrohe Vorweihnachtsstimmung versetzt. Die Kollekte war zu gleichen<br \/>\nTeilen f\u00fcr die evangelische Kirchengemeinde Murrhardt und die Arbeit des<br \/>\nDeutschen Kinderschutzbundes, Ortsgruppe Murrhardt, bestimmt.<\/p>\n","protected":false},"excerpt":{"rendered":"<p>am 06.12.03 im Rahmen des Murrhardter Weihnachtsmarktes in der Stadtkirche Murrhardt Erster Auftritt des Kinder- und Jugendchores Beim Weihnachtskonzert des Liederkranzes erklangen traditionelle und moderne Weihnachtslieder aus aller Welt Murrhardt (eke) &#8220; Mit traditionellen und modernen Advents- und Weihnachtslieder aus aller Welt, die mal mehr fr\u00f6hlich, mal eher besinnlich klangen, stimmten die Ch\u00f6re des Liederkranzes &hellip; <\/p>\n<p class=\"link-more\"><a href=\"http:\/\/www.liederkranz-murrhardt.de\/?p=168\" class=\"more-link\"><span class=\"screen-reader-text\">\u201eAdventssingen\u201c <\/span>weiterlesen<\/a><\/p>\n","protected":false},"author":4,"featured_media":0,"comment_status":"closed","ping_status":"closed","sticky":false,"template":"","format":"standard","meta":{"ngg_post_thumbnail":0,"footnotes":""},"categories":[5],"tags":[],"class_list":["post-168","post","type-post","status-publish","format-standard","hentry","category-presse"],"_links":{"self":[{"href":"http:\/\/www.liederkranz-murrhardt.de\/index.php?rest_route=\/wp\/v2\/posts\/168","targetHints":{"allow":["GET"]}}],"collection":[{"href":"http:\/\/www.liederkranz-murrhardt.de\/index.php?rest_route=\/wp\/v2\/posts"}],"about":[{"href":"http:\/\/www.liederkranz-murrhardt.de\/index.php?rest_route=\/wp\/v2\/types\/post"}],"author":[{"embeddable":true,"href":"http:\/\/www.liederkranz-murrhardt.de\/index.php?rest_route=\/wp\/v2\/users\/4"}],"replies":[{"embeddable":true,"href":"http:\/\/www.liederkranz-murrhardt.de\/index.php?rest_route=%2Fwp%2Fv2%2Fcomments&post=168"}],"version-history":[{"count":3,"href":"http:\/\/www.liederkranz-murrhardt.de\/index.php?rest_route=\/wp\/v2\/posts\/168\/revisions"}],"predecessor-version":[{"id":235,"href":"http:\/\/www.liederkranz-murrhardt.de\/index.php?rest_route=\/wp\/v2\/posts\/168\/revisions\/235"}],"wp:attachment":[{"href":"http:\/\/www.liederkranz-murrhardt.de\/index.php?rest_route=%2Fwp%2Fv2%2Fmedia&parent=168"}],"wp:term":[{"taxonomy":"category","embeddable":true,"href":"http:\/\/www.liederkranz-murrhardt.de\/index.php?rest_route=%2Fwp%2Fv2%2Fcategories&post=168"},{"taxonomy":"post_tag","embeddable":true,"href":"http:\/\/www.liederkranz-murrhardt.de\/index.php?rest_route=%2Fwp%2Fv2%2Ftags&post=168"}],"curies":[{"name":"wp","href":"https:\/\/api.w.org\/{rel}","templated":true}]}}