{"id":164,"date":"2011-06-01T18:18:55","date_gmt":"2011-06-01T16:18:55","guid":{"rendered":"http:\/\/www.liederkranz-murrhardt.de\/?p=164"},"modified":"2011-06-02T09:30:16","modified_gmt":"2011-06-02T07:30:16","slug":"frauenchorausflug","status":"publish","type":"post","link":"http:\/\/www.liederkranz-murrhardt.de\/?p=164","title":{"rendered":"Frauenchorausflug"},"content":{"rendered":"<p>der Frauenchor reiste nach T\u00fcbingen<\/p>\n<p>Liederkr\u00e4nzler stocherten bei T\u00fcbingen im Neckar<\/p>\n<p>Murrhardt &#8211; Der diesj\u00e4hrige Ausflug des Frauenchors und der DaCapo-Ch\u00f6re des<br \/>\nLiederkranzes Murrhardt f\u00fchrte nach T\u00fcbingen. Vom T\u00fcbinger Stadtbrunnen aus<br \/>\ngab es eine F\u00fchrung f\u00fcr die Murrhardter. Mit kleinen Geschichten, viel Witz<br \/>\nund Humor wurde die gut gelaunte Gruppe von ihrem F\u00fchrer durch die Burg und<br \/>\ndie Altstadt geleitet. So erfuhr man, dass die T\u00fcbinger und Reutlinger nicht<br \/>\ngut aufeinander zu sprechen sind. Die Reutlinger klagen: &#8222;;Wir verdienen das<br \/>\nGeld und f\u00fcr die T\u00fcbinger wird es ausgegeben&#8220;;. Nach der Stadtf\u00fchrung ging es<br \/>\nzum Mittagessen in den alten Ritter. Das Wetter meinte es gut mit den<br \/>\nAusfl\u00fcglern und so konnten sie am Nachmittag auf dem Neckar Stocherkahn<br \/>\nfahren. Am Abend ging es mit dem Panoramazug zur\u00fcck und wer Lust hatte,<br \/>\nkonnte noch auf das Feuerwehrfest in Murrhardt, zum Ausklang eines<br \/>\nwundersch\u00f6nen Tages. Dem Liederkranz sind \u00fcbrigens neue S\u00e4ngerinnen und<br \/>\nS\u00e4nger immer willkommen: Jeden Dienstag im Saal der Alten Post 19 bis 19.45<br \/>\nUhr M\u00e4nnerchor, 19.45 bis 20.30 Uhr Frauenchor, 20.30 bis 21.15 Uhr<br \/>\nGemischter Chor, 21.15 bis 22 Uhr Da Capo. (Sommerpause in den Schulferien).<br \/>\nWer die Ch\u00f6re kennenlernen m\u00f6chte, kommt einfach am Dienstag, 22.Juli, ab 19<br \/>\nUhr zum Halbjahresabschluss (mit viel Gesang und gutem Essen) auf die<br \/>\nGartenterrasse der Villa Franck. N\u00e4here Infos gibt es bei Gudrun Klein,<br \/>\nTelefon 0 71 92 \/ 66 97, Heinz Klumbach, Telefon 0 71 92 \/ 65 17, Harold<br \/>\nGampper, Telefon 0 71 92 \/ 90 04 11.  Foto: -pv-<\/p>\n","protected":false},"excerpt":{"rendered":"<p>der Frauenchor reiste nach T\u00fcbingen Liederkr\u00e4nzler stocherten bei T\u00fcbingen im Neckar Murrhardt &#8211; Der diesj\u00e4hrige Ausflug des Frauenchors und der DaCapo-Ch\u00f6re des Liederkranzes Murrhardt f\u00fchrte nach T\u00fcbingen. Vom T\u00fcbinger Stadtbrunnen aus gab es eine F\u00fchrung f\u00fcr die Murrhardter. Mit kleinen Geschichten, viel Witz und Humor wurde die gut gelaunte Gruppe von ihrem F\u00fchrer durch die &hellip; <\/p>\n<p class=\"link-more\"><a href=\"http:\/\/www.liederkranz-murrhardt.de\/?p=164\" class=\"more-link\"><span class=\"screen-reader-text\">\u201eFrauenchorausflug\u201c <\/span>weiterlesen<\/a><\/p>\n","protected":false},"author":4,"featured_media":0,"comment_status":"closed","ping_status":"closed","sticky":false,"template":"","format":"standard","meta":{"ngg_post_thumbnail":0,"footnotes":""},"categories":[5],"tags":[],"class_list":["post-164","post","type-post","status-publish","format-standard","hentry","category-presse"],"_links":{"self":[{"href":"http:\/\/www.liederkranz-murrhardt.de\/index.php?rest_route=\/wp\/v2\/posts\/164","targetHints":{"allow":["GET"]}}],"collection":[{"href":"http:\/\/www.liederkranz-murrhardt.de\/index.php?rest_route=\/wp\/v2\/posts"}],"about":[{"href":"http:\/\/www.liederkranz-murrhardt.de\/index.php?rest_route=\/wp\/v2\/types\/post"}],"author":[{"embeddable":true,"href":"http:\/\/www.liederkranz-murrhardt.de\/index.php?rest_route=\/wp\/v2\/users\/4"}],"replies":[{"embeddable":true,"href":"http:\/\/www.liederkranz-murrhardt.de\/index.php?rest_route=%2Fwp%2Fv2%2Fcomments&post=164"}],"version-history":[{"count":2,"href":"http:\/\/www.liederkranz-murrhardt.de\/index.php?rest_route=\/wp\/v2\/posts\/164\/revisions"}],"predecessor-version":[{"id":233,"href":"http:\/\/www.liederkranz-murrhardt.de\/index.php?rest_route=\/wp\/v2\/posts\/164\/revisions\/233"}],"wp:attachment":[{"href":"http:\/\/www.liederkranz-murrhardt.de\/index.php?rest_route=%2Fwp%2Fv2%2Fmedia&parent=164"}],"wp:term":[{"taxonomy":"category","embeddable":true,"href":"http:\/\/www.liederkranz-murrhardt.de\/index.php?rest_route=%2Fwp%2Fv2%2Fcategories&post=164"},{"taxonomy":"post_tag","embeddable":true,"href":"http:\/\/www.liederkranz-murrhardt.de\/index.php?rest_route=%2Fwp%2Fv2%2Ftags&post=164"}],"curies":[{"name":"wp","href":"https:\/\/api.w.org\/{rel}","templated":true}]}}